{"id":5133,"date":"2025-10-13T15:09:22","date_gmt":"2025-10-13T14:09:22","guid":{"rendered":"https:\/\/www.collegejeanrostandcapbreton.fr\/?p=5133"},"modified":"2025-10-13T15:09:22","modified_gmt":"2025-10-13T14:09:22","slug":"sejour-dintegration-6e-2","status":"publish","type":"post","link":"http:\/\/www.collegejeanrostandcapbreton.fr\/?p=5133","title":{"rendered":"S\u00e9jour d\u2019int\u00e9gration 6\u00e8"},"content":{"rendered":"\n<p>A voir ou \u00e0 revoir quelques images du s\u00e9jour d\u2019int\u00e9gration de nos \u00e9l\u00e8ves de 6\u00e8 ! Au programme : visite du site historique de Brassempouy, randonn\u00e9e pastorale, escalade et v\u00e9lo dans les Pyr\u00e9n\u00e9es.<\/p>\n\n\n\n<figure class=\"wp-block-video\"><video controls src=\"https:\/\/www.collegejeanrostandcapbreton.fr\/wp-content\/uploads\/2025\/10\/Sejour-6e-2025.mp4\"><\/video><\/figure>\n","protected":false},"excerpt":{"rendered":"<p>A voir ou \u00e0 revoir quelques images du s\u00e9jour d\u2019int\u00e9gration de nos \u00e9l\u00e8ves de 6\u00e8 ! Au programme : visite du site historique de Brassempouy, randonn\u00e9e pastorale, escalade et v\u00e9lo dans les Pyr\u00e9n\u00e9es.<\/p>\n","protected":false},"author":4,"featured_media":3999,"comment_status":"closed","ping_status":"closed","sticky":false,"template":"","format":"standard","meta":{"_acf_changed":false,"footnotes":""},"categories":[21],"tags":[],"class_list":["post-5133","post","type-post","status-publish","format-standard","has-post-thumbnail","hentry","category-projets-pedagogiques","item-wrap"],"acf":[],"_links":{"self":[{"href":"http:\/\/www.collegejeanrostandcapbreton.fr\/index.php?rest_route=\/wp\/v2\/posts\/5133","targetHints":{"allow":["GET"]}}],"collection":[{"href":"http:\/\/www.collegejeanrostandcapbreton.fr\/index.php?rest_route=\/wp\/v2\/posts"}],"about":[{"href":"http:\/\/www.collegejeanrostandcapbreton.fr\/index.php?rest_route=\/wp\/v2\/types\/post"}],"author":[{"embeddable":true,"href":"http:\/\/www.collegejeanrostandcapbreton.fr\/index.php?rest_route=\/wp\/v2\/users\/4"}],"replies":[{"embeddable":true,"href":"http:\/\/www.collegejeanrostandcapbreton.fr\/index.php?rest_route=%2Fwp%2Fv2%2Fcomments&post=5133"}],"version-history":[{"count":1,"href":"http:\/\/www.collegejeanrostandcapbreton.fr\/index.php?rest_route=\/wp\/v2\/posts\/5133\/revisions"}],"predecessor-version":[{"id":5135,"href":"http:\/\/www.collegejeanrostandcapbreton.fr\/index.php?rest_route=\/wp\/v2\/posts\/5133\/revisions\/5135"}],"wp:featuredmedia":[{"embeddable":true,"href":"http:\/\/www.collegejeanrostandcapbreton.fr\/index.php?rest_route=\/wp\/v2\/media\/3999"}],"wp:attachment":[{"href":"http:\/\/www.collegejeanrostandcapbreton.fr\/index.php?rest_route=%2Fwp%2Fv2%2Fmedia&parent=5133"}],"wp:term":[{"taxonomy":"category","embeddable":true,"href":"http:\/\/www.collegejeanrostandcapbreton.fr\/index.php?rest_route=%2Fwp%2Fv2%2Fcategories&post=5133"},{"taxonomy":"post_tag","embeddable":true,"href":"http:\/\/www.collegejeanrostandcapbreton.fr\/index.php?rest_route=%2Fwp%2Fv2%2Ftags&post=5133"}],"curies":[{"name":"wp","href":"https:\/\/api.w.org\/{rel}","templated":true}]}}